{"id":4624,"global_id":"kaumo.fi\/sv?id=4624","global_id_lineage":["kaumo.fi\/sv?id=4624"],"author":"2","status":"publish","date":"2021-10-11 07:58:36","date_utc":"2021-10-11 07:58:36","modified":"2022-02-08 13:28:13","modified_utc":"2022-02-08 13:28:13","url":"http:\/\/kaumo.fi\/sv\/event\/musiikkia-vallmogardissa-konserttisarja-helmikuun-savelia\/","rest_url":"http:\/\/kaumo.fi\/sv\/wp-json\/tribe\/events\/v1\/events\/4624","title":"ANNULLERAD! Musik i Vallmog\u00e5rd-konsertserie: Melodier i februari","description":"<p>Konserten \u00e4r en del av &#8220;Musik i Vallmog\u00e5rd&#8221;-konsertserien. Konserten f\u00f6rverkligas i samarbete med Grankulla stad.<\/p>\n<p>Fritt intr\u00e4de<\/p>","excerpt":"","slug":"musiikkia-vallmogardissa-konserttisarja-helmikuun-savelia","image":false,"all_day":false,"start_date":"2022-02-15 19:00:00","start_date_details":{"year":"2022","month":"02","day":"15","hour":"19","minutes":"00","seconds":"00"},"end_date":"2022-02-15 19:00:00","end_date_details":{"year":"2022","month":"02","day":"15","hour":"19","minutes":"00","seconds":"00"},"utc_start_date":"2022-02-15 19:00:00","utc_start_date_details":{"year":"2022","month":"02","day":"15","hour":"19","minutes":"00","seconds":"00"},"utc_end_date":"2022-02-15 19:00:00","utc_end_date_details":{"year":"2022","month":"02","day":"15","hour":"19","minutes":"00","seconds":"00"},"timezone":"UTC+0","timezone_abbr":"UTC+0","cost":"","cost_details":{"currency_symbol":"","currency_code":"","currency_position":"suffix","values":[]},"website":"","show_map":false,"show_map_link":false,"hide_from_listings":false,"sticky":false,"featured":false,"categories":[],"tags":[],"venue":{"id":41,"author":"1","status":"publish","date":"2017-11-23 07:54:21","date_utc":"2017-11-23 07:54:21","modified":"2017-11-23 07:54:21","modified_utc":"2017-11-23 07:54:21","url":"http:\/\/kaumo.fi\/sv\/venue\/vallmogardin-juhlasali\/","venue":"Vallmog\u00e5rds festsal","slug":"vallmogardin-juhlasali","json_ld":{"@type":"Place","name":"Vallmog\u00e5rds festsal","description":"","url":"","address":{"@type":"PostalAddress"},"telephone":"","sameAs":""},"show_map":true,"show_map_link":true,"global_id":"kaumo.fi\/sv?id=41","global_id_lineage":["kaumo.fi\/sv?id=41"]},"organizer":[],"json_ld":{"@context":"http:\/\/schema.org","@type":"Event","name":"ANNULLERAD! Musik i Vallmog\u00e5rd-konsertserie: Melodier i februari","description":"&lt;p&gt;{:fi}Konsertti on osa \u201dMusiikkia Vallmog\u00e5rdissa\u201d-konserttisarjaa. Konsertti toteutetaan yhteisty\u00f6ss\u00e4 Kauniaisten kaupungin kanssa. Vapaa p\u00e4\u00e4sy.{:}{:sv}Konserten \u00e4r en del av &quot;Musik i Vallmog\u00e5rd&quot;-konsertserien. Konserten f\u00f6rverkligas i samarbete med Grankulla stad. Fritt intr\u00e4de{:}&lt;\/p&gt;\\n","url":"http:\/\/kaumo.fi\/sv\/event\/musiikkia-vallmogardissa-konserttisarja-helmikuun-savelia\/","eventAttendanceMode":"https:\/\/schema.org\/OfflineEventAttendanceMode","eventStatus":"https:\/\/schema.org\/EventScheduled","startDate":"2022-02-15T19:00:00+00:00","endDate":"2022-02-15T19:00:00+00:00","location":{"@type":"Place","name":"Vallmog\u00e5rds festsal","description":"","url":"","address":{"@type":"PostalAddress"},"telephone":"","sameAs":""},"performer":"Organization"}}