{"id":4968,"date":"2022-01-05T19:08:28","date_gmt":"2022-01-05T19:08:28","guid":{"rendered":"http:\/\/kaumo.fi\/?p=4968"},"modified":"2022-01-05T19:12:51","modified_gmt":"2022-01-05T19:12:51","slug":"kevatlukukauden-jarjestelyt","status":"publish","type":"post","link":"http:\/\/kaumo.fi\/sv\/2022\/01\/05\/kevatlukukauden-jarjestelyt\/","title":{"rendered":"V\u00e5rterminens corona-arrangemang"},"content":{"rendered":"<p style=\"font-weight: 400;\">V\u00e5rterminen inleds huvudsakligen som normal n\u00e4rundervisning fredagen 7.1. Gruppundervisningen, s\u00e5 som gestaltning av musik samt musiklekgrupperna, b\u00f6rjar veckan som inleds 17.1., ifall l\u00e4raren inte har meddelat annat.<\/p>\n<p style=\"font-weight: 400;\">S\u00e5 som tidigare f\u00f6ljer vi Utbildningsstyrelsens samt andra myndigheters direktiv g\u00e4llande ordnandet av undervisningen och arrangemangen kring h\u00e4lsos\u00e4kerheten. Vi f\u00f6ljer med situationen och uppdaterar v\u00e5ra direktiv enligt behov. Det \u00e4r bra att komma ih\u00e5g att vi kan vara tvugna att ordna undervisningen som distansundervisning p\u00e5 v\u00e4ldigt kort varsel.<\/p>\n<p style=\"font-weight: 400;\"><strong>INDIVIDUELL UNDERVISNING<\/strong><\/p>\n<p style=\"font-weight: 400;\">&#8211; N\u00e4rundervisningen g\u00e4ller utan undantag alla under 18-\u00e5ringar. Spellektionerna forts\u00e4tter normalt.<\/p>\n<p style=\"font-weight: 400;\">&#8211; \u00c4ldre elever, dvs \u00e5r 2003 f\u00f6dda och \u00e4ldre\u00a0<strong>kan komma \u00f6verens med l\u00e4raren om distansundervisning eller n\u00e4rundervisning<\/strong>. Vid \u00f6verenskommelse om distansundervisning ska detta ocks\u00e5 meddelas till kansliet, p\u00e5 adressen\u00a0<a href=\"mailto:kanslia@kaumo.fi\">kanslia@kaumo.fi<\/a><\/p>\n<p style=\"font-weight: 400;\"><strong>GRUPPUNDERVISNING<\/strong><\/p>\n<p style=\"font-weight: 400;\">&#8211; Gestaltning av musik, dvs GEMU-undervisningsgrupperna samt musarigrupperna forts\u00e4tter som normal n\u00e4rundervisning.<\/p>\n<p style=\"font-weight: 400;\">&#8211; G\u00e4llande orkestrar meddelar l\u00e4raren separat hur januari-\u00f6vningarna genomf\u00f6rs. Genomf\u00f6randet p\u00e5verkas av gruppens storlek, undervisningsplatsen samt repertoarens\u00a0bredd och tidpunkten f\u00f6r konserten.<\/p>\n<p style=\"font-weight: 400;\">&#8211; Musiklekgrupperna forts\u00e4tter som n\u00e4rundervisning<\/p>\n<p style=\"font-weight: 400;\">&#8211; Gruppundervisning f\u00f6r vuxna ordnas som distansundervisning. Den egna l\u00e4raren informerar separat om detta.<\/p>\n<p style=\"font-weight: 400;\"><strong>KONSERTER OCH \u00d6VRIGA EVENEMANG<\/strong><\/p>\n<p style=\"font-weight: 400;\">&#8211; Alla konserter och evenemang i januari ordnas utan f\u00f6r\u00e4ldrar eller annan publik.<\/p>\n<p style=\"font-weight: 400;\">&#8211; Kunskapsniv\u00e5erna, dvs examen ordnas huvudsakligen som n\u00e4rundervisning, men utan publik. Vissa delar av examen kan ocks\u00e5 ordnas p\u00e5 annat vis.<\/p>\n<p style=\"font-weight: 400;\"><strong>S\u00c4KERHETS\u00c5TG\u00c4RDERNA \u00c4R SAMMA SOM TIDIGARE<\/strong><\/p>\n<p style=\"font-weight: 400;\">&#8211; Stark rekommendation f\u00f6r alla 12-\u00e5riga och \u00e4ldre elever att anv\u00e4nda munskydd b\u00e5de under lektionen och f\u00f6r de som vistas i musikinstitutets utrymmen.<\/p>\n<p style=\"font-weight: 400;\">&#8211; Varje lektion inleds med handtv\u00e4tt. Det \u00e4r ocks\u00e5 bra att tv\u00e4tta h\u00e4nderna efter lektionen.<\/p>\n<p style=\"font-weight: 400;\">&#8211; Vi f\u00e4ster speciell uppm\u00e4rksamhet vid renlighet av instrumentens ytor, undervisningsutrymmen och vistelseutrymmen.<\/p>\n<p style=\"font-weight: 400;\">&#8211; Man f\u00e5r inte komma till musikinstitutet om man blivit utsatt f\u00f6r corona eller har minsta symptom p\u00e5 flunsa. D\u00e5 kan den individuella undervisningen ordnas som distansundervisning. Kom \u00f6verens om detta med din l\u00e4rare och meddela kansliet.<\/p>\n<p style=\"font-weight: 400;\">&#8211; Ifall n\u00e5n annan familjemedlem har corona eller \u00e4r i karant\u00e4n ska eleven inte komma till musikinstitutet. D\u00e5 kan den individuella undervisningen ordnas som distansundervisning. Kom \u00f6verens om detta med din l\u00e4rare och meddela kansliet.<\/p>\n<p style=\"font-weight: 400;\">&#8211; Vi informerar separat om bruket av coronapass, n\u00e4r det blir aktuellt f\u00f6r evenemang d\u00e4r bruk av passet f\u00f6ruts\u00e4tts.<\/p>\n<p style=\"font-weight: 400;\">&#8211; F\u00f6r\u00e4ldrar kan tillsvidare h\u00e4mta sina barn till lektionerna och vid behov v\u00e4nta p\u00e5 dem i institutets v\u00e4ntutrymmen. Det l\u00f6nar sig att f\u00f6rbereda sig p\u00e5 att vi kanske \u00e5terg\u00e5r till direktiven f\u00f6r ett \u00e5r sedan, dvs att f\u00f6r\u00e4ldrar inte kan vistas i musikinstitutets utrymmen. Vi meddelar separat om detta.<\/p>\n<p style=\"font-weight: 400;\"><strong>DU KOMMER V\u00c4L IH\u00c5G<\/strong><\/p>\n<p style=\"font-weight: 400;\">&#8211; Om du av h\u00e4lsosk\u00e4l eller av ideologiska sk\u00e4l inte kan anv\u00e4nda munskydd p\u00e5 lektionen eller i musikinstitutets utrymmen, var i god tid i kontakt med l\u00e4raren, s\u00e5 finner vi en l\u00f6sning.<\/p>\n<p style=\"font-weight: 400;\">&#8211; Tillsammans tar vi hand om allas h\u00e4lsa, s\u00e5 att vi i forts\u00e4ttningen kan ordna undervisningen som n\u00e4rundervisning. I den individuella undervisningen \u00e4r det vid minsta flunsasymptom hos eleven m\u00f6jligt att med l\u00e5g tr\u00f6skel be l\u00e4raren om distansundervisning.<\/p>\n","protected":false},"excerpt":{"rendered":"<p>V\u00e5rterminen inleds huvudsakligen som normal n\u00e4rundervisning fredagen 7.1. Gruppundervisningen, s\u00e5 som gestaltning av musik samt musiklekgrupperna, b\u00f6rjar veckan som inleds 17.1., ifall l\u00e4raren inte har meddelat annat. S\u00e5 som tidigare [&hellip;]<\/p>\n","protected":false},"author":2,"featured_media":0,"comment_status":"closed","ping_status":"closed","sticky":false,"template":"","format":"standard","meta":{"footnotes":""},"categories":[11],"tags":[],"class_list":["post-4968","post","type-post","status-publish","format-standard","hentry","category-ajankohtaista"],"translation":{"provider":"WPGlobus","version":"3.0.0","language":"sv","enabled_languages":["fi","sv"],"languages":{"fi":{"title":true,"content":true,"excerpt":false},"sv":{"title":true,"content":true,"excerpt":false}}},"_links":{"self":[{"href":"http:\/\/kaumo.fi\/sv\/wp-json\/wp\/v2\/posts\/4968","targetHints":{"allow":["GET"]}}],"collection":[{"href":"http:\/\/kaumo.fi\/sv\/wp-json\/wp\/v2\/posts"}],"about":[{"href":"http:\/\/kaumo.fi\/sv\/wp-json\/wp\/v2\/types\/post"}],"author":[{"embeddable":true,"href":"http:\/\/kaumo.fi\/sv\/wp-json\/wp\/v2\/users\/2"}],"replies":[{"embeddable":true,"href":"http:\/\/kaumo.fi\/sv\/wp-json\/wp\/v2\/comments?post=4968"}],"version-history":[{"count":4,"href":"http:\/\/kaumo.fi\/sv\/wp-json\/wp\/v2\/posts\/4968\/revisions"}],"predecessor-version":[{"id":4972,"href":"http:\/\/kaumo.fi\/sv\/wp-json\/wp\/v2\/posts\/4968\/revisions\/4972"}],"wp:attachment":[{"href":"http:\/\/kaumo.fi\/sv\/wp-json\/wp\/v2\/media?parent=4968"}],"wp:term":[{"taxonomy":"category","embeddable":true,"href":"http:\/\/kaumo.fi\/sv\/wp-json\/wp\/v2\/categories?post=4968"},{"taxonomy":"post_tag","embeddable":true,"href":"http:\/\/kaumo.fi\/sv\/wp-json\/wp\/v2\/tags?post=4968"}],"curies":[{"name":"wp","href":"https:\/\/api.w.org\/{rel}","templated":true}]}}