{"id":866,"date":"2018-02-07T12:42:49","date_gmt":"2018-02-07T12:42:49","guid":{"rendered":"http:\/\/kaumo.fi\/?p=866"},"modified":"2018-02-07T12:49:55","modified_gmt":"2018-02-07T12:49:55","slug":"musaleiri-10-11-3-ja-ukulelekurssi-tiistaisin","status":"publish","type":"post","link":"http:\/\/kaumo.fi\/sv\/2018\/02\/07\/musaleiri-10-11-3-ja-ukulelekurssi-tiistaisin\/","title":{"rendered":"Musaleiri 10-11.3 ja Ukulelekurssi tiistaisin"},"content":{"rendered":"<p><img loading=\"lazy\" decoding=\"async\" class=\"alignnone size-medium wp-image-873\" src=\"http:\/\/kaumo.fi\/wp-content\/uploads\/2018\/02\/musaleiri-3-212x300.jpg\" alt=\"\" width=\"212\" height=\"300\" srcset=\"http:\/\/kaumo.fi\/wp-content\/uploads\/2018\/02\/musaleiri-3-212x300.jpg 212w, http:\/\/kaumo.fi\/wp-content\/uploads\/2018\/02\/musaleiri-3-768x1086.jpg 768w, http:\/\/kaumo.fi\/wp-content\/uploads\/2018\/02\/musaleiri-3-724x1024.jpg 724w, http:\/\/kaumo.fi\/wp-content\/uploads\/2018\/02\/musaleiri-3.jpg 794w\" sizes=\"auto, (max-width: 212px) 100vw, 212px\" \/>\u00a0 \u00a0 \u00a0 \u00a0 \u00a0 \u00a0 \u00a0 \u00a0 \u00a0 \u00a0 \u00a0 \u00a0 \u00a0 \u00a0 \u00a0 \u00a0<img loading=\"lazy\" decoding=\"async\" class=\"alignnone size-medium wp-image-876\" src=\"http:\/\/kaumo.fi\/wp-content\/uploads\/2018\/02\/pivitetty-ukulelemainos-212x300.png\" alt=\"\" width=\"212\" height=\"300\" srcset=\"http:\/\/kaumo.fi\/wp-content\/uploads\/2018\/02\/pivitetty-ukulelemainos-212x300.png 212w, http:\/\/kaumo.fi\/wp-content\/uploads\/2018\/02\/pivitetty-ukulelemainos.png 635w\" sizes=\"auto, (max-width: 212px) 100vw, 212px\" \/><\/p>\n<p>Kauniaisten suomalainen seurakunta j\u00e4rjest\u00e4\u00e4 <strong>Musaleirin<\/strong> koululaisille 10-11.3.2018. Paikkana Riuttarannan leirikeskus Vihdiss\u00e4. Hinta 30 euroa. Tiedustelut ja ilmoittautumiset\u00a0 tiro.rohkimainen@evl.fi 050-3484 643 tai anna.marte@evl.fi 050-3557 398.<\/p>\n<p>Kauniaisten suomalainen seurakunta j\u00e4rjest\u00e4\u00e4 my\u00f6s <strong>ukulelekurssin<\/strong> nuorille tiistaisin helmikuun-maaliskuun aikana klo 17-19. Paikkana Sebastos, Kauniaisten kirjaston vieress\u00e4. Kurssi on tarkoitettu\u00a0yl\u00e4koulu-lukioik\u00e4isille, my\u00f6s 5.-6. luokkalaisille. Tiedustelut ja ilmoittautumiset\u00a0tiro.rohkimainen@evl.fi 050-3484 643<\/p>\n","protected":false},"excerpt":{"rendered":"<p>\u00a0 \u00a0 \u00a0 \u00a0 \u00a0 \u00a0 \u00a0 \u00a0 \u00a0 \u00a0 \u00a0 \u00a0 \u00a0 \u00a0 \u00a0 \u00a0 Kauniaisten suomalainen seurakunta j\u00e4rjest\u00e4\u00e4 Musaleirin koululaisille 10-11.3.2018. Paikkana Riuttarannan leirikeskus Vihdiss\u00e4. Hinta 30 euroa. [&hellip;]<\/p>\n","protected":false},"author":2,"featured_media":0,"comment_status":"closed","ping_status":"closed","sticky":false,"template":"","format":"standard","meta":{"footnotes":""},"categories":[11],"tags":[],"class_list":["post-866","post","type-post","status-publish","format-standard","hentry","category-ajankohtaista"],"translation":{"provider":"WPGlobus","version":"3.0.0","language":"sv","enabled_languages":["fi","sv"],"languages":{"fi":{"title":true,"content":true,"excerpt":false},"sv":{"title":false,"content":false,"excerpt":false}}},"_links":{"self":[{"href":"http:\/\/kaumo.fi\/sv\/wp-json\/wp\/v2\/posts\/866","targetHints":{"allow":["GET"]}}],"collection":[{"href":"http:\/\/kaumo.fi\/sv\/wp-json\/wp\/v2\/posts"}],"about":[{"href":"http:\/\/kaumo.fi\/sv\/wp-json\/wp\/v2\/types\/post"}],"author":[{"embeddable":true,"href":"http:\/\/kaumo.fi\/sv\/wp-json\/wp\/v2\/users\/2"}],"replies":[{"embeddable":true,"href":"http:\/\/kaumo.fi\/sv\/wp-json\/wp\/v2\/comments?post=866"}],"version-history":[{"count":7,"href":"http:\/\/kaumo.fi\/sv\/wp-json\/wp\/v2\/posts\/866\/revisions"}],"predecessor-version":[{"id":1680,"href":"http:\/\/kaumo.fi\/sv\/wp-json\/wp\/v2\/posts\/866\/revisions\/1680"}],"wp:attachment":[{"href":"http:\/\/kaumo.fi\/sv\/wp-json\/wp\/v2\/media?parent=866"}],"wp:term":[{"taxonomy":"category","embeddable":true,"href":"http:\/\/kaumo.fi\/sv\/wp-json\/wp\/v2\/categories?post=866"},{"taxonomy":"post_tag","embeddable":true,"href":"http:\/\/kaumo.fi\/sv\/wp-json\/wp\/v2\/tags?post=866"}],"curies":[{"name":"wp","href":"https:\/\/api.w.org\/{rel}","templated":true}]}}