{"id":3894,"date":"2021-03-01T06:33:59","date_gmt":"2021-03-01T06:33:59","guid":{"rendered":"http:\/\/kaumo.fi\/?p=3894"},"modified":"2021-03-01T06:36:02","modified_gmt":"2021-03-01T06:36:02","slug":"etaopetus-1-3-alkaen-distansundervisning-fr-o-m-1-3","status":"publish","type":"post","link":"https:\/\/kaumo.fi\/sv\/2021\/03\/01\/etaopetus-1-3-alkaen-distansundervisning-fr-o-m-1-3\/","title":{"rendered":"Et\u00e4opetus 1.3. alkaen \/ Distansundervisning fr.o.m. 1.3."},"content":{"rendered":"<p><strong>Taiteen perusopetus Kauniaisissa siirtyy et\u00e4opetukseen<\/strong><\/p>\n<p>Opetushallituksen ohjeistuksen mukaan taiteen perusopetus voidaan j\u00e4rjest\u00e4\u00e4 joko et\u00e4- tai l\u00e4hiopetuksena. Koronaepidemian vuoksi ja oppilaiden turvallisuuden takaamiseksi taiteen perusopetusta antavat oppilaitokset Kauniaisissa siirtyv\u00e4t et\u00e4opetukseen 1.3. alkaen seuraavasti:<\/p>\n<p><strong>Yli 12-vuotiaat<\/strong> oppilaat ovat et\u00e4opetuksessa 1.-28.3.<\/p>\n<p><strong>Alle 12-vuotiaiden<\/strong> oppilaat ovat et\u00e4opetuksessa kaksi viikkoa, 1.- 12.3. T\u00e4m\u00e4n j\u00e4lkeen voimme toivottavasti nuorempien oppilaiden osalta palata turvallisesti j\u00e4rjestettyyn l\u00e4hiopetukseen.<\/p>\n<p>Oma opettaja on yhteydess\u00e4 oppilaisiin\/huoltajiin tarkempiin opetusj\u00e4rjestelyihin liittyen. Olettehan muistaneet varmistaa ett\u00e4 yhteystietonne ovat ajan tasalla.<\/p>\n<p>\u200bTerveisin,<\/p>\n<p>Taiteen perusopetuksen oppilaitokset<\/p>\n<p>Kauniaisten musiikkiopisto ja Kauniaisten kuvataidekoulu<\/p>\n<p>*****<\/p>\n<p><strong>Grundl\u00e4ggande konstutbildning i Grankulla \u00f6verg\u00e5r till distansutbildning<\/strong><\/p>\n<p>Enligt Utbildningsstyrelsens riktlinjer kan grundl\u00e4ggande konstutbildning ordnas som antingen distans- eller n\u00e4rundervisning. P\u00e5 grund av coronaepidemin och f\u00f6r att s\u00e4kerst\u00e4lla elevernas s\u00e4kerhet kommer utbildningsinstitut som ger grundl\u00e4ggande konstutbildning i Grankulla att \u00f6verg\u00e5 till distansundervisning fr.o.m. den 1.3. enligt f\u00f6ljande:<\/p>\n<p><strong>Elever \u00f6ver 12 \u00e5r<\/strong> f\u00e5r distansutbildning f\u00f6r tiden 1\u201328.3.<\/p>\n<p><strong>Elever under 12 \u00e5r<\/strong> f\u00e5r distansundervisning under tv\u00e5 veckors tid. 1\u201312.3. Efter detta, kan vi f\u00f6rhoppningsvis, f\u00f6r yngre elevers del \u00e5terg\u00e5 till en s\u00e4ker och organiserad n\u00e4rundervisning.<\/p>\n<p>Den egna l\u00e4raren \u00e4r i kontakt med elever \/ v\u00e5rdnadshavare ang\u00e5ende mer detaljerade undervisningsarrangemang. Ni har v\u00e4l kommit ih\u00e5g att se till att kontaktinformationen \u00e4r uppdaterad.<\/p>\n<p>Med v\u00e4nlig h\u00e4lsning,<\/p>\n<p>De grundl\u00e4ggande konstskolorna<\/p>\n<p>Grankulla musikinstitut<\/p>\n<p>Grankulla konstskola<\/p>\n","protected":false},"excerpt":{"rendered":"<p>Taiteen perusopetus Kauniaisissa siirtyy et\u00e4opetukseen Opetushallituksen ohjeistuksen mukaan taiteen perusopetus voidaan j\u00e4rjest\u00e4\u00e4 joko et\u00e4- tai l\u00e4hiopetuksena. Koronaepidemian vuoksi ja oppilaiden turvallisuuden takaamiseksi taiteen perusopetusta antavat oppilaitokset Kauniaisissa siirtyv\u00e4t et\u00e4opetukseen 1.3. [&hellip;]<\/p>\n","protected":false},"author":2,"featured_media":0,"comment_status":"closed","ping_status":"closed","sticky":false,"template":"","format":"standard","meta":{"footnotes":""},"categories":[8,11],"tags":[],"class_list":["post-3894","post","type-post","status-publish","format-standard","hentry","category-kuoro","category-ajankohtaista"],"translation":{"provider":"WPGlobus","version":"3.0.0","language":"sv","enabled_languages":["fi","sv"],"languages":{"fi":{"title":true,"content":true,"excerpt":false},"sv":{"title":false,"content":false,"excerpt":false}}},"_links":{"self":[{"href":"https:\/\/kaumo.fi\/sv\/wp-json\/wp\/v2\/posts\/3894","targetHints":{"allow":["GET"]}}],"collection":[{"href":"https:\/\/kaumo.fi\/sv\/wp-json\/wp\/v2\/posts"}],"about":[{"href":"https:\/\/kaumo.fi\/sv\/wp-json\/wp\/v2\/types\/post"}],"author":[{"embeddable":true,"href":"https:\/\/kaumo.fi\/sv\/wp-json\/wp\/v2\/users\/2"}],"replies":[{"embeddable":true,"href":"https:\/\/kaumo.fi\/sv\/wp-json\/wp\/v2\/comments?post=3894"}],"version-history":[{"count":5,"href":"https:\/\/kaumo.fi\/sv\/wp-json\/wp\/v2\/posts\/3894\/revisions"}],"predecessor-version":[{"id":3900,"href":"https:\/\/kaumo.fi\/sv\/wp-json\/wp\/v2\/posts\/3894\/revisions\/3900"}],"wp:attachment":[{"href":"https:\/\/kaumo.fi\/sv\/wp-json\/wp\/v2\/media?parent=3894"}],"wp:term":[{"taxonomy":"category","embeddable":true,"href":"https:\/\/kaumo.fi\/sv\/wp-json\/wp\/v2\/categories?post=3894"},{"taxonomy":"post_tag","embeddable":true,"href":"https:\/\/kaumo.fi\/sv\/wp-json\/wp\/v2\/tags?post=3894"}],"curies":[{"name":"wp","href":"https:\/\/api.w.org\/{rel}","templated":true}]}}