{"id":4900,"date":"2021-12-01T12:08:13","date_gmt":"2021-12-01T12:08:13","guid":{"rendered":"http:\/\/kaumo.fi\/?p=4900"},"modified":"2021-12-01T12:10:43","modified_gmt":"2021-12-01T12:10:43","slug":"pandemia-ajan-opetusjarjestelyihin-ei-muutosta-toistaiseksi","status":"publish","type":"post","link":"https:\/\/kaumo.fi\/sv\/2021\/12\/01\/pandemia-ajan-opetusjarjestelyihin-ei-muutosta-toistaiseksi\/","title":{"rendered":"Inga \u00e4ndringar tills vidare i pandemitidens undervisningsarrangemang"},"content":{"rendered":"<p>Vi v\u00e4ntar p\u00e5 direktiv fr\u00e5n myndigheterna g\u00e4llander anv\u00e4ndning av coronapass. F\u00f6r \u00f6vrigt f\u00f6ljer vi samma direktiv som tidigare.<\/p>\n<p>&#8211; Eleven f\u00e5r inte delta i n\u00e4rundervisning, ifall hen har minsta lilla symptom p\u00e5 flunsa. D\u00e5 sker undervisningen p\u00e5 distans eller g\u00f6rs som hemuppgifter.<\/p>\n<p>&#8211; Ifall n\u00e5n annan familjemedlem har blivit utsatt f\u00f6r corona ska eleven inte delta i n\u00e4rundervisning. D\u00e5 sker undervisningen p\u00e5 distans eller g\u00f6rs som hemuppgifter.<\/p>\n<p>&#8211; Under lektionen anv\u00e4nder 5- och 6-klassister och \u00e4lder munskydd, men vi rekommenderar munskydd \u00e4ven f\u00f6r de yngre eleverna. Eleven b\u00f6r ha eget munskydd med sig, men vid behov f\u00e5s munskydd av l\u00e4raren.<\/p>\n<p>&#8211; H\u00e4nderna tv\u00e4ttas med tv\u00e5l i b\u00f6rjan av lektionen tillsammans med l\u00e4raren.<\/p>\n<p>&#8211; Vi h\u00e5ller avst\u00e5nd under lektionen.<\/p>\n<p>&#8211; Vuxna f\u00e5r vistas i v\u00e4ntrummen. Vi rekommenderar starkt anv\u00e4nding av munskydd.<\/p>\n<p>&#8211; Ifall familjen har varit p\u00e5 resa (inrikes och utrikes) den senaste veckan rekommenderar vi distansundervisning under en veckas tid.<\/p>\n<p><strong>Kom ih\u00e5g att det i oklara h\u00e4lsotillst\u00e5nd alltid \u00e4r m\u00f6jligt att ha distansundervisning. Ifall ni \u00f6nskar distansundervisning ska v\u00e5rdnadshavaren komma \u00f6verens om detta med l\u00e4raren i f\u00f6rv\u00e4g, samt meddela kansliet detta (<\/strong><a href=\"mailto:kanslia@kaumo.fi\"><strong><span style=\"color: blue; text-decoration: none; text-underline: none;\">kanslia@kaumo.fi<\/span><\/strong><\/a><strong>). Eleven kan inte komma \u00f6verens om distansundervisning.<\/strong><\/p>\n","protected":false},"excerpt":{"rendered":"<p>Vi v\u00e4ntar p\u00e5 direktiv fr\u00e5n myndigheterna g\u00e4llander anv\u00e4ndning av coronapass. F\u00f6r \u00f6vrigt f\u00f6ljer vi samma direktiv som tidigare. &#8211; Eleven f\u00e5r inte delta i n\u00e4rundervisning, ifall hen har minsta lilla [&hellip;]<\/p>\n","protected":false},"author":2,"featured_media":0,"comment_status":"closed","ping_status":"closed","sticky":false,"template":"","format":"standard","meta":{"footnotes":""},"categories":[11],"tags":[],"class_list":["post-4900","post","type-post","status-publish","format-standard","hentry","category-ajankohtaista"],"translation":{"provider":"WPGlobus","version":"3.0.0","language":"sv","enabled_languages":["fi","sv"],"languages":{"fi":{"title":true,"content":true,"excerpt":false},"sv":{"title":true,"content":true,"excerpt":false}}},"_links":{"self":[{"href":"https:\/\/kaumo.fi\/sv\/wp-json\/wp\/v2\/posts\/4900","targetHints":{"allow":["GET"]}}],"collection":[{"href":"https:\/\/kaumo.fi\/sv\/wp-json\/wp\/v2\/posts"}],"about":[{"href":"https:\/\/kaumo.fi\/sv\/wp-json\/wp\/v2\/types\/post"}],"author":[{"embeddable":true,"href":"https:\/\/kaumo.fi\/sv\/wp-json\/wp\/v2\/users\/2"}],"replies":[{"embeddable":true,"href":"https:\/\/kaumo.fi\/sv\/wp-json\/wp\/v2\/comments?post=4900"}],"version-history":[{"count":3,"href":"https:\/\/kaumo.fi\/sv\/wp-json\/wp\/v2\/posts\/4900\/revisions"}],"predecessor-version":[{"id":4902,"href":"https:\/\/kaumo.fi\/sv\/wp-json\/wp\/v2\/posts\/4900\/revisions\/4902"}],"wp:attachment":[{"href":"https:\/\/kaumo.fi\/sv\/wp-json\/wp\/v2\/media?parent=4900"}],"wp:term":[{"taxonomy":"category","embeddable":true,"href":"https:\/\/kaumo.fi\/sv\/wp-json\/wp\/v2\/categories?post=4900"},{"taxonomy":"post_tag","embeddable":true,"href":"https:\/\/kaumo.fi\/sv\/wp-json\/wp\/v2\/tags?post=4900"}],"curies":[{"name":"wp","href":"https:\/\/api.w.org\/{rel}","templated":true}]}}