{"id":935,"date":"2018-03-02T13:38:53","date_gmt":"2018-03-02T13:38:53","guid":{"rendered":"http:\/\/kaumo.fi\/?p=935"},"modified":"2018-03-02T13:38:53","modified_gmt":"2018-03-02T13:38:53","slug":"jatkamisilmoitukset-ja-vanhempain-vartti-fortsattningsanmalan-och-foraldrakvarten","status":"publish","type":"post","link":"https:\/\/kaumo.fi\/sv\/2018\/03\/02\/jatkamisilmoitukset-ja-vanhempain-vartti-fortsattningsanmalan-och-foraldrakvarten\/","title":{"rendered":"Jatkamisilmoitukset ja Vanhempain Vartti \/ Forts\u00e4ttningsanm\u00e4lan och F\u00f6r\u00e4ldrakvarten"},"content":{"rendered":"<p><strong>Vanhempain Vartti<\/strong><\/p>\n<p>Vanhempain Vartti -viikko j\u00e4rjestet\u00e4\u00e4n\u00a0ajalla<strong> 1.-9.3.<\/strong>\u00a0Vanhemmat voitte olla suoraan yhteydess\u00e4 opettajaan ja sopia tapaamisesta oppilaan soittotunnin alussa tai lopussa. Vanhempain vartin tarkoituksena on antaa teille vanhemmille mahdollisuus k\u00e4yd\u00e4 keskustelua lastenne opinnoista ja kuulla tavoitteista seuraavalle kaudelle, mik\u00e4 on uusi opetussuunnitelma jne. Keskustelun kesto on 15 min ja se k\u00e4yd\u00e4\u00e4n oppilaan soittotunnin yhteydess\u00e4.<\/p>\n<p><strong>Ilmoittautuminen lukuvuoden 2018-2019 opintoihin<\/strong><\/p>\n<p>Olemme luopuneet paperisista jatkamisilmoituksista. Saatte kansliasta l\u00e4hip\u00e4ivin\u00e4 <strong>s\u00e4hk\u00f6postitse oppilaskohtaiset s\u00e4hk\u00f6iset tunnukset<\/strong>, joilla voitte kirjauta \u00a0oppilassivuille Eepos- ohjelmaan. Jatkamisilmoituksessa ilmoitetaan jatkaako\/lopettaako oppilas opintonsa seuraavana lukuvuotena. Korjatkaa my\u00f6s mahdolliset muutokset yhteystiedoissa. Ep\u00e4selviss\u00e4 tapauksissa voitte olla yhteydess\u00e4 kansliaan.<\/p>\n<p>Jatkamisilmoitussivusto on auki<strong> 12-23.3 <\/strong>v\u00e4lisen\u00e4 aikana.<strong>\u00a0<\/strong><\/p>\n<p>&nbsp;<\/p>\n<p><strong>F\u00f6r\u00e4ldrakvarten<\/strong><\/p>\n<p>F\u00f6r\u00e4ldrakvarten-veckan h\u00e5lls <strong>1.-9.3.<\/strong>\u00a0F\u00f6r\u00e4ldrarna kan vara direkt i kontakt med barnets egen l\u00e4rare och komma \u00f6verens om tr\u00e4ff i b\u00f6rjan eller i slutet av elevens lektion. Tanken med F\u00f6r\u00e4ldrakvarten \u00e4r att ge f\u00f6r\u00e4ldrar en m\u00f6jlighet att tillsammans med l\u00e4raren och barnet diskutera barnets musikstudier, h\u00f6ra om n\u00e4sta termins m\u00e5ls\u00e4ttning, f\u00e5 information om nya undervisningsplanen osv. F\u00f6r\u00e4ldrakvarten tar 15 min och h\u00e5lls i samband med elevens lektion.<\/p>\n<p>&nbsp;<\/p>\n<p><strong>Anm\u00e4lan till 2018-2019 terminen<\/strong><\/p>\n<p>Vi har inte l\u00e4ngre forts\u00e4ttningsblanketter i pappersformat. Ni kommer att f\u00e5 <strong>per epost<\/strong> inom n\u00e4rmaste dagar <strong>l\u00f6senord<\/strong> med vilka ni kan logga in p\u00e5 v\u00e5rt elevregisterprogram Eepos. D\u00e4r meddelar ni ifall eleven forts\u00e4tter\/avslutar sina studier n\u00e4sta termin. Kontrollera\/r\u00e4tta till eventuella fel i era kontaktuppgifter. I oklara fall hj\u00e4lper kansliet er g\u00e4rna.<\/p>\n<p>Forts\u00e4ttningssidan \u00e4r \u00f6ppen <strong>12-23.3.<\/strong><\/p>\n<p>&nbsp;<\/p>\n","protected":false},"excerpt":{"rendered":"<p>Vanhempain Vartti Vanhempain Vartti -viikko j\u00e4rjestet\u00e4\u00e4n\u00a0ajalla 1.-9.3.\u00a0Vanhemmat voitte olla suoraan yhteydess\u00e4 opettajaan ja sopia tapaamisesta oppilaan soittotunnin alussa tai lopussa. Vanhempain vartin tarkoituksena on antaa teille vanhemmille mahdollisuus k\u00e4yd\u00e4 keskustelua [&hellip;]<\/p>\n","protected":false},"author":2,"featured_media":0,"comment_status":"closed","ping_status":"closed","sticky":false,"template":"","format":"standard","meta":{"footnotes":""},"categories":[11],"tags":[],"class_list":["post-935","post","type-post","status-publish","format-standard","hentry","category-ajankohtaista"],"translation":{"provider":"WPGlobus","version":"3.0.0","language":"sv","enabled_languages":["fi","sv"],"languages":{"fi":{"title":true,"content":true,"excerpt":false},"sv":{"title":false,"content":false,"excerpt":false}}},"_links":{"self":[{"href":"https:\/\/kaumo.fi\/sv\/wp-json\/wp\/v2\/posts\/935","targetHints":{"allow":["GET"]}}],"collection":[{"href":"https:\/\/kaumo.fi\/sv\/wp-json\/wp\/v2\/posts"}],"about":[{"href":"https:\/\/kaumo.fi\/sv\/wp-json\/wp\/v2\/types\/post"}],"author":[{"embeddable":true,"href":"https:\/\/kaumo.fi\/sv\/wp-json\/wp\/v2\/users\/2"}],"replies":[{"embeddable":true,"href":"https:\/\/kaumo.fi\/sv\/wp-json\/wp\/v2\/comments?post=935"}],"version-history":[{"count":2,"href":"https:\/\/kaumo.fi\/sv\/wp-json\/wp\/v2\/posts\/935\/revisions"}],"predecessor-version":[{"id":937,"href":"https:\/\/kaumo.fi\/sv\/wp-json\/wp\/v2\/posts\/935\/revisions\/937"}],"wp:attachment":[{"href":"https:\/\/kaumo.fi\/sv\/wp-json\/wp\/v2\/media?parent=935"}],"wp:term":[{"taxonomy":"category","embeddable":true,"href":"https:\/\/kaumo.fi\/sv\/wp-json\/wp\/v2\/categories?post=935"},{"taxonomy":"post_tag","embeddable":true,"href":"https:\/\/kaumo.fi\/sv\/wp-json\/wp\/v2\/tags?post=935"}],"curies":[{"name":"wp","href":"https:\/\/api.w.org\/{rel}","templated":true}]}}